{"id":1385,"date":"2022-07-20T09:45:27","date_gmt":"2022-07-20T14:45:27","guid":{"rendered":"https:\/\/hechoamanoecuador.com\/luffa\/?p=1385"},"modified":"2022-07-20T10:58:09","modified_gmt":"2022-07-20T15:58:09","slug":"day-of-canada-sylvie-bedard-emprendimiento-ecuador","status":"publish","type":"post","link":"https:\/\/hechoamanoecuador.com\/luffa\/day-of-canada-sylvie-bedard-emprendimiento-ecuador\/","title":{"rendered":"Day of Canada Sylvie B\u00e9dard Emprendimiento Ecuador"},"content":{"rendered":"<figure class=\"wp-block-embed is-type-video is-provider-youtube wp-block-embed-youtube wp-embed-aspect-16-9 wp-has-aspect-ratio\"><div class=\"wp-block-embed__wrapper\">\n<iframe loading=\"lazy\" title=\"Day of Canada  Sylvie B\u00e9dard Emprendimiento Ecuador\" width=\"500\" height=\"281\" src=\"https:\/\/www.youtube.com\/embed\/CKtS_9V4_qA?feature=oembed\" frameborder=\"0\" allow=\"accelerometer; autoplay; clipboard-write; encrypted-media; gyroscope; picture-in-picture; web-share\" referrerpolicy=\"strict-origin-when-cross-origin\" allowfullscreen><\/iframe>\n<\/div><\/figure><p>A trav\u00e9s de la Corporaci\u00f3n de Desarrollo de Ambato y Tungurahua y La Embajadora de Canad\u00e1, Sylvie B\u00e9dard, tiene el honor de invitar a usted por el d\u00eda de canad\u00e1 <a href=\"https:\/\/www.facebook.com\/hashtag\/canadaday?__eep__=6&amp;__cft__[0]=AZUdS9A3jqUSwSAhee6Jzb_JPfCGW67PIZPEVHe-FadZGJMtLXbMTI-6xPUxcCZjNJMXzqN47l24SCUrnEXM4PWIAvLa9jJySc3Gg5rD1fW87B-L_zYy47XgOMk68xocSEDaPvLa4z47lIlxvf1k3JM3Q1P7XbIePpz5Zs-qFT4B3DoDPat1mUzAK1pVLJt2OfmJna1r1VzNqA_d6jW9kS44z1bt4Fzk8gNF6WSYjB3C3JqXflfiMV_A9_ilRWviBJjuFWI-VyEc3b9x2fQzMCuN_tonHzQZwcLiXgaow8lwnA&amp;__tn__=*NK-R\">#CanadaDay<\/a><a href=\"https:\/\/www.facebook.com\/hashtag\/feteducanada?__eep__=6&amp;__cft__[0]=AZUdS9A3jqUSwSAhee6Jzb_JPfCGW67PIZPEVHe-FadZGJMtLXbMTI-6xPUxcCZjNJMXzqN47l24SCUrnEXM4PWIAvLa9jJySc3Gg5rD1fW87B-L_zYy47XgOMk68xocSEDaPvLa4z47lIlxvf1k3JM3Q1P7XbIePpz5Zs-qFT4B3DoDPat1mUzAK1pVLJt2OfmJna1r1VzNqA_d6jW9kS44z1bt4Fzk8gNF6WSYjB3C3JqXflfiMV_A9_ilRWviBJjuFWI-VyEc3b9x2fQzMCuN_tonHzQZwcLiXgaow8lwnA&amp;__tn__=*NK-R\">#feteduCanada<\/a><a href=\"https:\/\/www.facebook.com\/hashtag\/tungurahua?__eep__=6&amp;__cft__[0]=AZUdS9A3jqUSwSAhee6Jzb_JPfCGW67PIZPEVHe-FadZGJMtLXbMTI-6xPUxcCZjNJMXzqN47l24SCUrnEXM4PWIAvLa9jJySc3Gg5rD1fW87B-L_zYy47XgOMk68xocSEDaPvLa4z47lIlxvf1k3JM3Q1P7XbIePpz5Zs-qFT4B3DoDPat1mUzAK1pVLJt2OfmJna1r1VzNqA_d6jW9kS44z1bt4Fzk8gNF6WSYjB3C3JqXflfiMV_A9_ilRWviBJjuFWI-VyEc3b9x2fQzMCuN_tonHzQZwcLiXgaow8lwnA&amp;__tn__=*NK-R\">#Tungurahua<\/a><a href=\"https:\/\/www.facebook.com\/hashtag\/luffa?__eep__=6&amp;__cft__[0]=AZUdS9A3jqUSwSAhee6Jzb_JPfCGW67PIZPEVHe-FadZGJMtLXbMTI-6xPUxcCZjNJMXzqN47l24SCUrnEXM4PWIAvLa9jJySc3Gg5rD1fW87B-L_zYy47XgOMk68xocSEDaPvLa4z47lIlxvf1k3JM3Q1P7XbIePpz5Zs-qFT4B3DoDPat1mUzAK1pVLJt2OfmJna1r1VzNqA_d6jW9kS44z1bt4Fzk8gNF6WSYjB3C3JqXflfiMV_A9_ilRWviBJjuFWI-VyEc3b9x2fQzMCuN_tonHzQZwcLiXgaow8lwnA&amp;__tn__=*NK-R\">#luffa<\/a><a href=\"https:\/\/www.facebook.com\/hashtag\/esponjanatural?__eep__=6&amp;__cft__[0]=AZUdS9A3jqUSwSAhee6Jzb_JPfCGW67PIZPEVHe-FadZGJMtLXbMTI-6xPUxcCZjNJMXzqN47l24SCUrnEXM4PWIAvLa9jJySc3Gg5rD1fW87B-L_zYy47XgOMk68xocSEDaPvLa4z47lIlxvf1k3JM3Q1P7XbIePpz5Zs-qFT4B3DoDPat1mUzAK1pVLJt2OfmJna1r1VzNqA_d6jW9kS44z1bt4Fzk8gNF6WSYjB3C3JqXflfiMV_A9_ilRWviBJjuFWI-VyEc3b9x2fQzMCuN_tonHzQZwcLiXgaow8lwnA&amp;__tn__=*NK-R\">#esponjanatural<\/a><img loading=\"lazy\" decoding=\"async\" height=\"16\" width=\"16\" src=\"https:\/\/static.xx.fbcdn.net\/images\/emoji.php\/v9\/t2\/1\/16\/1f60d.png\" alt=\"\ud83d\ude0d\">. Viernes 15 de Julio del 2022 Hora 10:30 <img loading=\"lazy\" decoding=\"async\" height=\"16\" width=\"16\" src=\"https:\/\/static.xx.fbcdn.net\/images\/emoji.php\/v9\/tac\/1\/16\/1f4cc.png\" alt=\"\ud83d\udccc\">Centro de Arte Contempor\u00e1neo, Montevideo y Luis D\u00e1vila, Quito<\/p>","protected":false},"excerpt":{"rendered":"<p>A trav\u00e9s de la Corporaci\u00f3n de Desarrollo de Ambato y Tungurahua y La Embajadora de Canad\u00e1, Sylvie B\u00e9dard, tiene el<\/p>\n","protected":false},"author":1,"featured_media":1378,"comment_status":"open","ping_status":"open","sticky":false,"template":"","format":"standard","meta":{"postBodyMargin":[],"postBodyPadding":[],"postBodyBackground":{"backgroundType":"classic","gradient":""},"footnotes":""},"categories":[362],"tags":[],"yst_prominent_words":[],"class_list":["post-1385","post","type-post","status-publish","format-standard","has-post-thumbnail","hentry","category-ferias"],"yoast_head":"<!-- This site is optimized with the Yoast SEO Premium plugin v14.0.4 - https:\/\/yoast.com\/wordpress\/plugins\/seo\/ -->\n<title>Day of Canada Sylvie B\u00e9dard Emprendimiento Ecuador - Esponja o estropajo de ba\u00f1o natural luffa<\/title>\n<meta name=\"robots\" content=\"index, follow\" \/>\n<meta name=\"googlebot\" content=\"index, follow, max-snippet:-1, max-image-preview:large, max-video-preview:-1\" \/>\n<meta name=\"bingbot\" content=\"index, follow, max-snippet:-1, max-image-preview:large, max-video-preview:-1\" \/>\n<link rel=\"canonical\" href=\"https:\/\/hechoamanoecuador.com\/luffa\/day-of-canada-sylvie-bedard-emprendimiento-ecuador\/\" \/>\n<meta property=\"og:locale\" content=\"es_ES\" \/>\n<meta property=\"og:type\" content=\"article\" \/>\n<meta property=\"og:title\" content=\"Day of Canada Sylvie B\u00e9dard Emprendimiento Ecuador - Esponja o estropajo de ba\u00f1o natural luffa\" \/>\n<meta property=\"og:description\" content=\"A trav\u00e9s de la Corporaci\u00f3n de Desarrollo de Ambato y Tungurahua y La Embajadora de Canad\u00e1, Sylvie B\u00e9dard, tiene el\" \/>\n<meta property=\"og:url\" content=\"https:\/\/hechoamanoecuador.com\/luffa\/day-of-canada-sylvie-bedard-emprendimiento-ecuador\/\" \/>\n<meta property=\"og:site_name\" content=\"Esponja o estropajo de ba\u00f1o natural luffa\" \/>\n<meta property=\"article:published_time\" content=\"2022-07-20T14:45:27+00:00\" \/>\n<meta property=\"article:modified_time\" content=\"2022-07-20T15:58:09+00:00\" \/>\n<meta property=\"og:image\" content=\"https:\/\/hechoamanoecuador.com\/luffa\/wp-content\/uploads\/2022\/07\/vlcsnap-2022-07-20-08h58m41s675.jpg\" \/>\n\t<meta property=\"og:image:width\" content=\"1920\" \/>\n\t<meta property=\"og:image:height\" content=\"1080\" \/>\n<meta name=\"twitter:card\" content=\"summary_large_image\" \/>\n<script type=\"application\/ld+json\" class=\"yoast-schema-graph\">{\"@context\":\"https:\/\/schema.org\",\"@graph\":[{\"@type\":\"Organization\",\"@id\":\"https:\/\/hechoamanoecuador.com\/luffa\/#organization\",\"name\":\"Luffa esponja o estropajo de ba\\u00f1o natural\",\"url\":\"https:\/\/hechoamanoecuador.com\/luffa\/\",\"sameAs\":[],\"logo\":{\"@type\":\"ImageObject\",\"@id\":\"https:\/\/hechoamanoecuador.com\/luffa\/#logo\",\"inLanguage\":\"es\",\"url\":\"https:\/\/hechoamanoecuador.com\/luffa\/wp-content\/uploads\/2019\/07\/luffa-esponja-vegetal.png\",\"width\":417,\"height\":134,\"caption\":\"Luffa esponja o estropajo de ba\\u00f1o natural\"},\"image\":{\"@id\":\"https:\/\/hechoamanoecuador.com\/luffa\/#logo\"}},{\"@type\":\"WebSite\",\"@id\":\"https:\/\/hechoamanoecuador.com\/luffa\/#website\",\"url\":\"https:\/\/hechoamanoecuador.com\/luffa\/\",\"name\":\"Esponja o estropajo de ba\\u00f1o natural luffa\",\"description\":\"Productos naturales para el cuidado de la piel en adultos y ni\\u00f1os ambato ecuador productores de luffa,  esponja o estropajo exfoliante para ba\\u00f1o\",\"publisher\":{\"@id\":\"https:\/\/hechoamanoecuador.com\/luffa\/#organization\"},\"potentialAction\":[{\"@type\":\"SearchAction\",\"target\":\"https:\/\/hechoamanoecuador.com\/luffa\/?s={search_term_string}\",\"query-input\":\"required name=search_term_string\"}],\"inLanguage\":\"es\"},{\"@type\":\"ImageObject\",\"@id\":\"https:\/\/hechoamanoecuador.com\/luffa\/day-of-canada-sylvie-bedard-emprendimiento-ecuador\/#primaryimage\",\"inLanguage\":\"es\",\"url\":\"https:\/\/hechoamanoecuador.com\/luffa\/wp-content\/uploads\/2022\/07\/vlcsnap-2022-07-20-08h58m41s675.jpg\",\"width\":1920,\"height\":1080,\"caption\":\"luffa esponja natural para ba\\u00f1o esfoliante natural estropajo\"},{\"@type\":\"WebPage\",\"@id\":\"https:\/\/hechoamanoecuador.com\/luffa\/day-of-canada-sylvie-bedard-emprendimiento-ecuador\/#webpage\",\"url\":\"https:\/\/hechoamanoecuador.com\/luffa\/day-of-canada-sylvie-bedard-emprendimiento-ecuador\/\",\"name\":\"Day of Canada Sylvie B\\u00e9dard Emprendimiento Ecuador - Esponja o estropajo de ba\\u00f1o natural luffa\",\"isPartOf\":{\"@id\":\"https:\/\/hechoamanoecuador.com\/luffa\/#website\"},\"primaryImageOfPage\":{\"@id\":\"https:\/\/hechoamanoecuador.com\/luffa\/day-of-canada-sylvie-bedard-emprendimiento-ecuador\/#primaryimage\"},\"datePublished\":\"2022-07-20T14:45:27+00:00\",\"dateModified\":\"2022-07-20T15:58:09+00:00\",\"breadcrumb\":{\"@id\":\"https:\/\/hechoamanoecuador.com\/luffa\/day-of-canada-sylvie-bedard-emprendimiento-ecuador\/#breadcrumb\"},\"inLanguage\":\"es\",\"potentialAction\":[{\"@type\":\"ReadAction\",\"target\":[\"https:\/\/hechoamanoecuador.com\/luffa\/day-of-canada-sylvie-bedard-emprendimiento-ecuador\/\"]}]},{\"@type\":\"BreadcrumbList\",\"@id\":\"https:\/\/hechoamanoecuador.com\/luffa\/day-of-canada-sylvie-bedard-emprendimiento-ecuador\/#breadcrumb\",\"itemListElement\":[{\"@type\":\"ListItem\",\"position\":1,\"item\":{\"@type\":\"WebPage\",\"@id\":\"https:\/\/hechoamanoecuador.com\/luffa\/\",\"url\":\"https:\/\/hechoamanoecuador.com\/luffa\/\",\"name\":\"Inicio\"}},{\"@type\":\"ListItem\",\"position\":2,\"item\":{\"@type\":\"WebPage\",\"@id\":\"https:\/\/hechoamanoecuador.com\/luffa\/day-of-canada-sylvie-bedard-emprendimiento-ecuador\/\",\"url\":\"https:\/\/hechoamanoecuador.com\/luffa\/day-of-canada-sylvie-bedard-emprendimiento-ecuador\/\",\"name\":\"Day of Canada Sylvie B\\u00e9dard Emprendimiento Ecuador\"}}]},{\"@type\":\"Article\",\"@id\":\"https:\/\/hechoamanoecuador.com\/luffa\/day-of-canada-sylvie-bedard-emprendimiento-ecuador\/#article\",\"isPartOf\":{\"@id\":\"https:\/\/hechoamanoecuador.com\/luffa\/day-of-canada-sylvie-bedard-emprendimiento-ecuador\/#webpage\"},\"author\":{\"@id\":\"https:\/\/hechoamanoecuador.com\/luffa\/#\/schema\/person\/e609cf1242d7a2bafbd3a2326716dae2\"},\"headline\":\"Day of Canada Sylvie B\\u00e9dard Emprendimiento Ecuador\",\"datePublished\":\"2022-07-20T14:45:27+00:00\",\"dateModified\":\"2022-07-20T15:58:09+00:00\",\"commentCount\":0,\"mainEntityOfPage\":{\"@id\":\"https:\/\/hechoamanoecuador.com\/luffa\/day-of-canada-sylvie-bedard-emprendimiento-ecuador\/#webpage\"},\"publisher\":{\"@id\":\"https:\/\/hechoamanoecuador.com\/luffa\/#organization\"},\"image\":{\"@id\":\"https:\/\/hechoamanoecuador.com\/luffa\/day-of-canada-sylvie-bedard-emprendimiento-ecuador\/#primaryimage\"},\"articleSection\":\"Ferias\",\"inLanguage\":\"es\",\"potentialAction\":[{\"@type\":\"CommentAction\",\"name\":\"Comment\",\"target\":[\"https:\/\/hechoamanoecuador.com\/luffa\/day-of-canada-sylvie-bedard-emprendimiento-ecuador\/#respond\"]}]},{\"@type\":[\"Person\"],\"@id\":\"https:\/\/hechoamanoecuador.com\/luffa\/#\/schema\/person\/e609cf1242d7a2bafbd3a2326716dae2\",\"name\":\"Ra\\u00fal Jim\\u00e9nez\",\"image\":{\"@type\":\"ImageObject\",\"@id\":\"https:\/\/hechoamanoecuador.com\/luffa\/#personlogo\",\"inLanguage\":\"es\",\"url\":\"https:\/\/secure.gravatar.com\/avatar\/a97de1a20dd77a71fbededcd0b9ae98c?s=96&d=mm&r=g\",\"caption\":\"Ra\\u00fal Jim\\u00e9nez\"}}]}<\/script>\n<!-- \/ Yoast SEO Premium plugin. -->","_links":{"self":[{"href":"https:\/\/hechoamanoecuador.com\/luffa\/wp-json\/wp\/v2\/posts\/1385","targetHints":{"allow":["GET"]}}],"collection":[{"href":"https:\/\/hechoamanoecuador.com\/luffa\/wp-json\/wp\/v2\/posts"}],"about":[{"href":"https:\/\/hechoamanoecuador.com\/luffa\/wp-json\/wp\/v2\/types\/post"}],"author":[{"embeddable":true,"href":"https:\/\/hechoamanoecuador.com\/luffa\/wp-json\/wp\/v2\/users\/1"}],"replies":[{"embeddable":true,"href":"https:\/\/hechoamanoecuador.com\/luffa\/wp-json\/wp\/v2\/comments?post=1385"}],"version-history":[{"count":9,"href":"https:\/\/hechoamanoecuador.com\/luffa\/wp-json\/wp\/v2\/posts\/1385\/revisions"}],"predecessor-version":[{"id":1409,"href":"https:\/\/hechoamanoecuador.com\/luffa\/wp-json\/wp\/v2\/posts\/1385\/revisions\/1409"}],"wp:featuredmedia":[{"embeddable":true,"href":"https:\/\/hechoamanoecuador.com\/luffa\/wp-json\/wp\/v2\/media\/1378"}],"wp:attachment":[{"href":"https:\/\/hechoamanoecuador.com\/luffa\/wp-json\/wp\/v2\/media?parent=1385"}],"wp:term":[{"taxonomy":"category","embeddable":true,"href":"https:\/\/hechoamanoecuador.com\/luffa\/wp-json\/wp\/v2\/categories?post=1385"},{"taxonomy":"post_tag","embeddable":true,"href":"https:\/\/hechoamanoecuador.com\/luffa\/wp-json\/wp\/v2\/tags?post=1385"},{"taxonomy":"yst_prominent_words","embeddable":true,"href":"https:\/\/hechoamanoecuador.com\/luffa\/wp-json\/wp\/v2\/yst_prominent_words?post=1385"}],"curies":[{"name":"wp","href":"https:\/\/api.w.org\/{rel}","templated":true}]}}